{"id":7589,"date":"2022-06-02T12:16:10","date_gmt":"2022-06-02T10:16:10","guid":{"rendered":"https:\/\/lifealnus.eu\/?p=7589"},"modified":"2022-06-02T12:16:10","modified_gmt":"2022-06-02T10:16:10","slug":"empiezan-las-obras-en-el-ambito-de-la-illa-de-les-gambires-y-del-sorral-en-las-masies-de-voltrega","status":"publish","type":"post","link":"https:\/\/lifealnus.eu\/es\/empiezan-las-obras-en-el-ambito-de-la-illa-de-les-gambires-y-del-sorral-en-las-masies-de-voltrega\/","title":{"rendered":"Empiezan las obras en el \u00e1mbito de la Illa de les Gambires y del Sorral, en las Masies de Voltreg\u00e0"},"content":{"rendered":"<p><strong>3 de enero de 2022<\/strong><\/p>\n<p>Uno de los proyectos demostrativos m\u00e1s grandes del proyecto LIFE ALNUS ha empezado su andadura definitivamente hacia su ejecuci\u00f3n, despu\u00e9s de meses y a\u00f1os trabajando una propuesta t\u00e9cnicamente compleja y altamente innovadora, como m\u00ednimo en Catalu\u00f1a.<\/p>\n<p>La Agencia Catalana del Agua (ACA) ha adjudicado las obras para la restauraci\u00f3n del espacio fluvial de las Gambires y la isla del Sorral, en un tramo de cuatro quil\u00f3metros del lecho del r\u00edo Ter, a su paso por los municipios de Torell\u00f3 y las Masies de Voltreg\u00e0, en la comarca de Osona.<\/p>\n<p>Los trabajos iniciados supondr\u00e1n una inversi\u00f3n cercana a los 450.000\u20ac, relativos a actuaciones de restauraci\u00f3n hidromorfol\u00f3gica, en acuerdo con los objetivos planteados en el proyecto LIFE ALNUS, del cual ACA participa como socio.<\/p>\n<p>Las actuaciones relativas a la isla de las Gambires, donde el Ter se divide de manera natural en dos brazos, consisten en la aportaci\u00f3n de graba al canal principal del r\u00edo para compensar su falta y favorecer la sobreelevaci\u00f3n de la l\u00e1mina de agua, permitiendo que el agua circule tambi\u00e9n a trav\u00e9s del canal secundario.<\/p>\n<p>Eso har\u00e1 posible que mejore la conexi\u00f3n hidrol\u00f3gica de la isla y que se puedan recuperar alisedas, h\u00e1bitat de inter\u00e9s comunitario prioritario, actualmente en regresi\u00f3n, a la vez que se actuar\u00e1 sobre vegetaci\u00f3n, eliminando las especies ex\u00f3ticas presentes en la isla.<\/p>\n<p>Las actuaciones previstas en la isla del Sorral consistir\u00e1n en la demolici\u00f3n de la pasarela y descompactado del camino de acceso, aportar y redistribuir grabas en aguas m\u00e1s arriba y m\u00e1s abajo dado el funcionamiento de trampa de sedimentos de la pasarela.<\/p>\n<p>Dentro del actual per\u00edodo de planificaci\u00f3n (2016-2021) que impulsa la ACA y donde se est\u00e1n destinando 8,7M\u20ac en medidas para actuaciones de recuperaci\u00f3n de la morfolog\u00eda fluvial y las riveras en las cuencas internas de Catalu\u00f1a, podemos decir que esta actuaci\u00f3n concreta en el Ter supone una obra de restauraci\u00f3n y rehabilitaci\u00f3n hidromorfol\u00f3gica de gran envergadura y que genera un precedente muy importante en la replicabilidad de este tipo de actuaciones. En otros rincones del territorio, gracias al tercer ciclo de planificaci\u00f3n (2022-2027), se prev\u00e9 destinar m\u00e1s de 44M\u20ac para la restauraci\u00f3n hidromorfol\u00f3gica en cuencas internas de Catalu\u00f1a.<\/p>\n","protected":false},"excerpt":{"rendered":"<p>3 de enero de 2022 Uno de los proyectos demostrativos m\u00e1s grandes del proyecto LIFE ALNUS ha empezado su andadura definitivamente hacia su ejecuci\u00f3n, despu\u00e9s de meses y a\u00f1os trabajando una propuesta t\u00e9cnicamente compleja y altamente innovadora, como m\u00ednimo en Catalu\u00f1a. La Agencia Catalana del Agua (ACA) ha adjudicado las obras para la restauraci\u00f3n del [&hellip;]<\/p>\n","protected":false},"author":2,"featured_media":7579,"comment_status":"closed","ping_status":"closed","sticky":false,"template":"","format":"standard","meta":{"_acf_changed":false,"footnotes":"","_links_to":"","_links_to_target":""},"categories":[37],"tags":[],"class_list":["post-7589","post","type-post","status-publish","format-standard","has-post-thumbnail","hentry","category-sin-categorizar"],"acf":[],"yoast_head":"<!-- This site is optimized with the Yoast SEO plugin v27.4 - https:\/\/yoast.com\/product\/yoast-seo-wordpress\/ -->\n<title>Empiezan las obras en el \u00e1mbito de la Illa de les Gambires y del Sorral, en las Masies de Voltreg\u00e0 - LIFE Alnus<\/title>\n<meta name=\"robots\" content=\"index, follow, max-snippet:-1, max-image-preview:large, max-video-preview:-1\" \/>\n<link rel=\"canonical\" href=\"https:\/\/lifealnus.eu\/es\/empiezan-las-obras-en-el-ambito-de-la-illa-de-les-gambires-y-del-sorral-en-las-masies-de-voltrega\/\" \/>\n<meta property=\"og:locale\" content=\"es_ES\" \/>\n<meta property=\"og:type\" content=\"article\" \/>\n<meta property=\"og:title\" content=\"Empiezan las obras en el \u00e1mbito de la Illa de les Gambires y del Sorral, en las Masies de Voltreg\u00e0 - LIFE Alnus\" \/>\n<meta property=\"og:description\" content=\"3 de enero de 2022 Uno de los proyectos demostrativos m\u00e1s grandes del proyecto LIFE ALNUS ha empezado su andadura definitivamente hacia su ejecuci\u00f3n, despu\u00e9s de meses y a\u00f1os trabajando una propuesta t\u00e9cnicamente compleja y altamente innovadora, como m\u00ednimo en Catalu\u00f1a. La Agencia Catalana del Agua (ACA) ha adjudicado las obras para la restauraci\u00f3n del [&hellip;]\" \/>\n<meta property=\"og:url\" content=\"https:\/\/lifealnus.eu\/es\/empiezan-las-obras-en-el-ambito-de-la-illa-de-les-gambires-y-del-sorral-en-las-masies-de-voltrega\/\" \/>\n<meta property=\"og:site_name\" content=\"LIFE Alnus\" \/>\n<meta property=\"article:published_time\" content=\"2022-06-02T10:16:10+00:00\" \/>\n<meta property=\"og:image\" content=\"https:\/\/lifealnus.eu\/wp-content\/uploads\/2022\/06\/Imagen6.jpg\" \/>\n\t<meta property=\"og:image:width\" content=\"621\" \/>\n\t<meta property=\"og:image:height\" content=\"466\" \/>\n\t<meta property=\"og:image:type\" content=\"image\/jpeg\" \/>\n<meta name=\"author\" content=\"L1f3_editor\" \/>\n<meta name=\"twitter:card\" content=\"summary_large_image\" \/>\n<meta name=\"twitter:label1\" content=\"Escrito por\" \/>\n\t<meta name=\"twitter:data1\" content=\"L1f3_editor\" \/>\n\t<meta name=\"twitter:label2\" content=\"Tiempo de lectura\" \/>\n\t<meta name=\"twitter:data2\" content=\"2 minutos\" \/>\n<script type=\"application\/ld+json\" class=\"yoast-schema-graph\">{\"@context\":\"https:\\\/\\\/schema.org\",\"@graph\":[{\"@type\":\"Article\",\"@id\":\"https:\\\/\\\/lifealnus.eu\\\/es\\\/empiezan-las-obras-en-el-ambito-de-la-illa-de-les-gambires-y-del-sorral-en-las-masies-de-voltrega\\\/#article\",\"isPartOf\":{\"@id\":\"https:\\\/\\\/lifealnus.eu\\\/es\\\/empiezan-las-obras-en-el-ambito-de-la-illa-de-les-gambires-y-del-sorral-en-las-masies-de-voltrega\\\/\"},\"author\":{\"name\":\"L1f3_editor\",\"@id\":\"https:\\\/\\\/lifealnus.eu\\\/#\\\/schema\\\/person\\\/1db970f8a27cc7b44276362316ecff22\"},\"headline\":\"Empiezan las obras en el \u00e1mbito de la Illa de les Gambires y del Sorral, en las Masies de Voltreg\u00e0\",\"datePublished\":\"2022-06-02T10:16:10+00:00\",\"mainEntityOfPage\":{\"@id\":\"https:\\\/\\\/lifealnus.eu\\\/es\\\/empiezan-las-obras-en-el-ambito-de-la-illa-de-les-gambires-y-del-sorral-en-las-masies-de-voltrega\\\/\"},\"wordCount\":426,\"image\":{\"@id\":\"https:\\\/\\\/lifealnus.eu\\\/es\\\/empiezan-las-obras-en-el-ambito-de-la-illa-de-les-gambires-y-del-sorral-en-las-masies-de-voltrega\\\/#primaryimage\"},\"thumbnailUrl\":\"https:\\\/\\\/lifealnus.eu\\\/wp-content\\\/uploads\\\/2022\\\/06\\\/Imagen6.jpg\",\"articleSection\":[\"&nbsp;\"],\"inLanguage\":\"es\"},{\"@type\":\"WebPage\",\"@id\":\"https:\\\/\\\/lifealnus.eu\\\/es\\\/empiezan-las-obras-en-el-ambito-de-la-illa-de-les-gambires-y-del-sorral-en-las-masies-de-voltrega\\\/\",\"url\":\"https:\\\/\\\/lifealnus.eu\\\/es\\\/empiezan-las-obras-en-el-ambito-de-la-illa-de-les-gambires-y-del-sorral-en-las-masies-de-voltrega\\\/\",\"name\":\"Empiezan las obras en el \u00e1mbito de la Illa de les Gambires y del Sorral, en las Masies de Voltreg\u00e0 - LIFE Alnus\",\"isPartOf\":{\"@id\":\"https:\\\/\\\/lifealnus.eu\\\/#website\"},\"primaryImageOfPage\":{\"@id\":\"https:\\\/\\\/lifealnus.eu\\\/es\\\/empiezan-las-obras-en-el-ambito-de-la-illa-de-les-gambires-y-del-sorral-en-las-masies-de-voltrega\\\/#primaryimage\"},\"image\":{\"@id\":\"https:\\\/\\\/lifealnus.eu\\\/es\\\/empiezan-las-obras-en-el-ambito-de-la-illa-de-les-gambires-y-del-sorral-en-las-masies-de-voltrega\\\/#primaryimage\"},\"thumbnailUrl\":\"https:\\\/\\\/lifealnus.eu\\\/wp-content\\\/uploads\\\/2022\\\/06\\\/Imagen6.jpg\",\"datePublished\":\"2022-06-02T10:16:10+00:00\",\"author\":{\"@id\":\"https:\\\/\\\/lifealnus.eu\\\/#\\\/schema\\\/person\\\/1db970f8a27cc7b44276362316ecff22\"},\"breadcrumb\":{\"@id\":\"https:\\\/\\\/lifealnus.eu\\\/es\\\/empiezan-las-obras-en-el-ambito-de-la-illa-de-les-gambires-y-del-sorral-en-las-masies-de-voltrega\\\/#breadcrumb\"},\"inLanguage\":\"es\",\"potentialAction\":[{\"@type\":\"ReadAction\",\"target\":[\"https:\\\/\\\/lifealnus.eu\\\/es\\\/empiezan-las-obras-en-el-ambito-de-la-illa-de-les-gambires-y-del-sorral-en-las-masies-de-voltrega\\\/\"]}]},{\"@type\":\"ImageObject\",\"inLanguage\":\"es\",\"@id\":\"https:\\\/\\\/lifealnus.eu\\\/es\\\/empiezan-las-obras-en-el-ambito-de-la-illa-de-les-gambires-y-del-sorral-en-las-masies-de-voltrega\\\/#primaryimage\",\"url\":\"https:\\\/\\\/lifealnus.eu\\\/wp-content\\\/uploads\\\/2022\\\/06\\\/Imagen6.jpg\",\"contentUrl\":\"https:\\\/\\\/lifealnus.eu\\\/wp-content\\\/uploads\\\/2022\\\/06\\\/Imagen6.jpg\",\"width\":621,\"height\":466},{\"@type\":\"BreadcrumbList\",\"@id\":\"https:\\\/\\\/lifealnus.eu\\\/es\\\/empiezan-las-obras-en-el-ambito-de-la-illa-de-les-gambires-y-del-sorral-en-las-masies-de-voltrega\\\/#breadcrumb\",\"itemListElement\":[{\"@type\":\"ListItem\",\"position\":1,\"name\":\"Inici\",\"item\":\"https:\\\/\\\/lifealnus.eu\\\/es\\\/\"},{\"@type\":\"ListItem\",\"position\":2,\"name\":\"Empiezan las obras en el \u00e1mbito de la Illa de les Gambires y del Sorral, en las Masies de Voltreg\u00e0\"}]},{\"@type\":\"WebSite\",\"@id\":\"https:\\\/\\\/lifealnus.eu\\\/#website\",\"url\":\"https:\\\/\\\/lifealnus.eu\\\/\",\"name\":\"LIFE Alnus\",\"description\":\"\",\"potentialAction\":[{\"@type\":\"SearchAction\",\"target\":{\"@type\":\"EntryPoint\",\"urlTemplate\":\"https:\\\/\\\/lifealnus.eu\\\/?s={search_term_string}\"},\"query-input\":{\"@type\":\"PropertyValueSpecification\",\"valueRequired\":true,\"valueName\":\"search_term_string\"}}],\"inLanguage\":\"es\"},{\"@type\":\"Person\",\"@id\":\"https:\\\/\\\/lifealnus.eu\\\/#\\\/schema\\\/person\\\/1db970f8a27cc7b44276362316ecff22\",\"name\":\"L1f3_editor\",\"image\":{\"@type\":\"ImageObject\",\"inLanguage\":\"es\",\"@id\":\"https:\\\/\\\/secure.gravatar.com\\\/avatar\\\/e9d3205660dbaff07e242a3bda17005940b0f1245a208f5707b14d5cc1581305?s=96&d=mm&r=g\",\"url\":\"https:\\\/\\\/secure.gravatar.com\\\/avatar\\\/e9d3205660dbaff07e242a3bda17005940b0f1245a208f5707b14d5cc1581305?s=96&d=mm&r=g\",\"contentUrl\":\"https:\\\/\\\/secure.gravatar.com\\\/avatar\\\/e9d3205660dbaff07e242a3bda17005940b0f1245a208f5707b14d5cc1581305?s=96&d=mm&r=g\",\"caption\":\"L1f3_editor\"},\"url\":\"https:\\\/\\\/lifealnus.eu\\\/es\\\/author\\\/l1f3_editor\\\/\"}]}<\/script>\n<!-- \/ Yoast SEO plugin. -->","yoast_head_json":{"title":"Empiezan las obras en el \u00e1mbito de la Illa de les Gambires y del Sorral, en las Masies de Voltreg\u00e0 - LIFE Alnus","robots":{"index":"index","follow":"follow","max-snippet":"max-snippet:-1","max-image-preview":"max-image-preview:large","max-video-preview":"max-video-preview:-1"},"canonical":"https:\/\/lifealnus.eu\/es\/empiezan-las-obras-en-el-ambito-de-la-illa-de-les-gambires-y-del-sorral-en-las-masies-de-voltrega\/","og_locale":"es_ES","og_type":"article","og_title":"Empiezan las obras en el \u00e1mbito de la Illa de les Gambires y del Sorral, en las Masies de Voltreg\u00e0 - LIFE Alnus","og_description":"3 de enero de 2022 Uno de los proyectos demostrativos m\u00e1s grandes del proyecto LIFE ALNUS ha empezado su andadura definitivamente hacia su ejecuci\u00f3n, despu\u00e9s de meses y a\u00f1os trabajando una propuesta t\u00e9cnicamente compleja y altamente innovadora, como m\u00ednimo en Catalu\u00f1a. La Agencia Catalana del Agua (ACA) ha adjudicado las obras para la restauraci\u00f3n del [&hellip;]","og_url":"https:\/\/lifealnus.eu\/es\/empiezan-las-obras-en-el-ambito-de-la-illa-de-les-gambires-y-del-sorral-en-las-masies-de-voltrega\/","og_site_name":"LIFE Alnus","article_published_time":"2022-06-02T10:16:10+00:00","og_image":[{"width":621,"height":466,"url":"https:\/\/lifealnus.eu\/wp-content\/uploads\/2022\/06\/Imagen6.jpg","type":"image\/jpeg"}],"author":"L1f3_editor","twitter_card":"summary_large_image","twitter_misc":{"Escrito por":"L1f3_editor","Tiempo de lectura":"2 minutos"},"schema":{"@context":"https:\/\/schema.org","@graph":[{"@type":"Article","@id":"https:\/\/lifealnus.eu\/es\/empiezan-las-obras-en-el-ambito-de-la-illa-de-les-gambires-y-del-sorral-en-las-masies-de-voltrega\/#article","isPartOf":{"@id":"https:\/\/lifealnus.eu\/es\/empiezan-las-obras-en-el-ambito-de-la-illa-de-les-gambires-y-del-sorral-en-las-masies-de-voltrega\/"},"author":{"name":"L1f3_editor","@id":"https:\/\/lifealnus.eu\/#\/schema\/person\/1db970f8a27cc7b44276362316ecff22"},"headline":"Empiezan las obras en el \u00e1mbito de la Illa de les Gambires y del Sorral, en las Masies de Voltreg\u00e0","datePublished":"2022-06-02T10:16:10+00:00","mainEntityOfPage":{"@id":"https:\/\/lifealnus.eu\/es\/empiezan-las-obras-en-el-ambito-de-la-illa-de-les-gambires-y-del-sorral-en-las-masies-de-voltrega\/"},"wordCount":426,"image":{"@id":"https:\/\/lifealnus.eu\/es\/empiezan-las-obras-en-el-ambito-de-la-illa-de-les-gambires-y-del-sorral-en-las-masies-de-voltrega\/#primaryimage"},"thumbnailUrl":"https:\/\/lifealnus.eu\/wp-content\/uploads\/2022\/06\/Imagen6.jpg","articleSection":["&nbsp;"],"inLanguage":"es"},{"@type":"WebPage","@id":"https:\/\/lifealnus.eu\/es\/empiezan-las-obras-en-el-ambito-de-la-illa-de-les-gambires-y-del-sorral-en-las-masies-de-voltrega\/","url":"https:\/\/lifealnus.eu\/es\/empiezan-las-obras-en-el-ambito-de-la-illa-de-les-gambires-y-del-sorral-en-las-masies-de-voltrega\/","name":"Empiezan las obras en el \u00e1mbito de la Illa de les Gambires y del Sorral, en las Masies de Voltreg\u00e0 - LIFE Alnus","isPartOf":{"@id":"https:\/\/lifealnus.eu\/#website"},"primaryImageOfPage":{"@id":"https:\/\/lifealnus.eu\/es\/empiezan-las-obras-en-el-ambito-de-la-illa-de-les-gambires-y-del-sorral-en-las-masies-de-voltrega\/#primaryimage"},"image":{"@id":"https:\/\/lifealnus.eu\/es\/empiezan-las-obras-en-el-ambito-de-la-illa-de-les-gambires-y-del-sorral-en-las-masies-de-voltrega\/#primaryimage"},"thumbnailUrl":"https:\/\/lifealnus.eu\/wp-content\/uploads\/2022\/06\/Imagen6.jpg","datePublished":"2022-06-02T10:16:10+00:00","author":{"@id":"https:\/\/lifealnus.eu\/#\/schema\/person\/1db970f8a27cc7b44276362316ecff22"},"breadcrumb":{"@id":"https:\/\/lifealnus.eu\/es\/empiezan-las-obras-en-el-ambito-de-la-illa-de-les-gambires-y-del-sorral-en-las-masies-de-voltrega\/#breadcrumb"},"inLanguage":"es","potentialAction":[{"@type":"ReadAction","target":["https:\/\/lifealnus.eu\/es\/empiezan-las-obras-en-el-ambito-de-la-illa-de-les-gambires-y-del-sorral-en-las-masies-de-voltrega\/"]}]},{"@type":"ImageObject","inLanguage":"es","@id":"https:\/\/lifealnus.eu\/es\/empiezan-las-obras-en-el-ambito-de-la-illa-de-les-gambires-y-del-sorral-en-las-masies-de-voltrega\/#primaryimage","url":"https:\/\/lifealnus.eu\/wp-content\/uploads\/2022\/06\/Imagen6.jpg","contentUrl":"https:\/\/lifealnus.eu\/wp-content\/uploads\/2022\/06\/Imagen6.jpg","width":621,"height":466},{"@type":"BreadcrumbList","@id":"https:\/\/lifealnus.eu\/es\/empiezan-las-obras-en-el-ambito-de-la-illa-de-les-gambires-y-del-sorral-en-las-masies-de-voltrega\/#breadcrumb","itemListElement":[{"@type":"ListItem","position":1,"name":"Inici","item":"https:\/\/lifealnus.eu\/es\/"},{"@type":"ListItem","position":2,"name":"Empiezan las obras en el \u00e1mbito de la Illa de les Gambires y del Sorral, en las Masies de Voltreg\u00e0"}]},{"@type":"WebSite","@id":"https:\/\/lifealnus.eu\/#website","url":"https:\/\/lifealnus.eu\/","name":"LIFE Alnus","description":"","potentialAction":[{"@type":"SearchAction","target":{"@type":"EntryPoint","urlTemplate":"https:\/\/lifealnus.eu\/?s={search_term_string}"},"query-input":{"@type":"PropertyValueSpecification","valueRequired":true,"valueName":"search_term_string"}}],"inLanguage":"es"},{"@type":"Person","@id":"https:\/\/lifealnus.eu\/#\/schema\/person\/1db970f8a27cc7b44276362316ecff22","name":"L1f3_editor","image":{"@type":"ImageObject","inLanguage":"es","@id":"https:\/\/secure.gravatar.com\/avatar\/e9d3205660dbaff07e242a3bda17005940b0f1245a208f5707b14d5cc1581305?s=96&d=mm&r=g","url":"https:\/\/secure.gravatar.com\/avatar\/e9d3205660dbaff07e242a3bda17005940b0f1245a208f5707b14d5cc1581305?s=96&d=mm&r=g","contentUrl":"https:\/\/secure.gravatar.com\/avatar\/e9d3205660dbaff07e242a3bda17005940b0f1245a208f5707b14d5cc1581305?s=96&d=mm&r=g","caption":"L1f3_editor"},"url":"https:\/\/lifealnus.eu\/es\/author\/l1f3_editor\/"}]}},"_links":{"self":[{"href":"https:\/\/lifealnus.eu\/es\/wp-json\/wp\/v2\/posts\/7589","targetHints":{"allow":["GET"]}}],"collection":[{"href":"https:\/\/lifealnus.eu\/es\/wp-json\/wp\/v2\/posts"}],"about":[{"href":"https:\/\/lifealnus.eu\/es\/wp-json\/wp\/v2\/types\/post"}],"author":[{"embeddable":true,"href":"https:\/\/lifealnus.eu\/es\/wp-json\/wp\/v2\/users\/2"}],"replies":[{"embeddable":true,"href":"https:\/\/lifealnus.eu\/es\/wp-json\/wp\/v2\/comments?post=7589"}],"version-history":[{"count":2,"href":"https:\/\/lifealnus.eu\/es\/wp-json\/wp\/v2\/posts\/7589\/revisions"}],"predecessor-version":[{"id":7592,"href":"https:\/\/lifealnus.eu\/es\/wp-json\/wp\/v2\/posts\/7589\/revisions\/7592"}],"wp:featuredmedia":[{"embeddable":true,"href":"https:\/\/lifealnus.eu\/es\/wp-json\/wp\/v2\/media\/7579"}],"wp:attachment":[{"href":"https:\/\/lifealnus.eu\/es\/wp-json\/wp\/v2\/media?parent=7589"}],"wp:term":[{"taxonomy":"category","embeddable":true,"href":"https:\/\/lifealnus.eu\/es\/wp-json\/wp\/v2\/categories?post=7589"},{"taxonomy":"post_tag","embeddable":true,"href":"https:\/\/lifealnus.eu\/es\/wp-json\/wp\/v2\/tags?post=7589"}],"curies":[{"name":"wp","href":"https:\/\/api.w.org\/{rel}","templated":true}]}}