{"id":6888,"date":"2020-02-03T10:08:18","date_gmt":"2020-02-03T08:08:18","guid":{"rendered":"https:\/\/lifealnus.eu\/?p=6888"},"modified":"2020-02-03T10:09:32","modified_gmt":"2020-02-03T08:09:32","slug":"reflexion-post-temporal-gloria","status":"publish","type":"post","link":"https:\/\/lifealnus.eu\/es\/reflexion-post-temporal-gloria\/","title":{"rendered":"Reflexi\u00f3n post-temporal Gloria"},"content":{"rendered":"<p>Aprovechando el debate que genera el post temporal Glotia, quedemos compartir una relfexi\u00f3n de \u00e1nimo pedag\u00f3gico y constructivo entorno a las rieras y r\u00edos de nuestra casa.<\/p>\n<p>Para empezar, queremos dar nuestro soporte a las personas y familias afectadas por el temporal. Sobretodo aquellas que han perdido un familiar, nuestro m\u00e1s sentido p\u00e9same.<\/p>\n<p>Sabemos que episodios como \u00e9ste pueden ser una constante habitual debido a m\u00faltiples factores, y por esto creemos importante hacer pedagog\u00eda.\u00a0<a href=\"https:\/\/amp.elperiodico.cat\/ca\/opinio\/20200123\/article-despres-temporal-gloria-narcis-prat-7818946?__twitter_impression=true\" target=\"_blank\" rel=\"noopener\">Compartimos esta opini\u00f3n de Narcis Prat<\/a><\/p>\n<p>LIFE Alnus se basa en la recuperaci\u00f3n de espacios de ribera. Inicialmente, es evidente que hay un componente ecol\u00f3gico en este proyecto, pero no podemos huir de la realidad de que los espacios fluviales son, tambi\u00e9n, espacios muy humanizados o con un alto uso p\u00fablico. Por lo tanto, la recuperaci\u00f3n de estos bosques de ribera atiende a diversos objetivos.<\/p>\n<p>El primero es recuperar la din\u00e1mica fluvial, los h\u00e1bitats, la fauna y la flora&#8230; Conocer mejor c\u00f3mo \u00abfuncionan\u00bb nuestros r\u00edos nos ayudar\u00e1 a entender y respetar sus movimientos.<\/p>\n<p>La gente del territorio cerca del r\u00edo, saben que el r\u00edo \u00abte da y te quita\u00bb y esta perspectiva es la que tendr\u00edamos que asumir para hacer un cambio. Un cambio en la ordenaci\u00f3n del territorio, infraestructuras, viviendas, industrias&#8230;que pongan estos espacios fuera del \u00e1mbito de los r\u00edos.<\/p>\n<p>No podemos caer en el error de creer que como m\u00e1s limpios (entendi\u00e9ndolo como a eliminaci\u00f3n de vegetaci\u00f3n) sean los r\u00edos, menos \u00abproblemas\u00bb nos dar\u00e1n. Esto es falso. Sabemos del cierto que la vegetaci\u00f3n es indispensable por m\u00faltiples factores (vean imagen 2).<\/p>\n<p>&nbsp;<\/p>\n<p>As\u00ed pues, tenemos que seguir haciendo pedagog\u00eda para explicar la importancia de la vegetaci\u00f3n, pero tambi\u00e9n de los espacios donde tiene que haber esta vegetaci\u00f3n, los bosques aluviales de plana, espacios muy importantes que mantienen una estrecha relaci\u00f3n con los ciclos de inundaci\u00f3n. Aunque la mayor parte de estas planas han sufrido fuertes ocupaciones por diversos usos humanos (industriales, agrarios, urban\u00edsticos&#8230;). Pese a esto, el objetivo tiene que reorientarse hacia la mejora y recuperaci\u00f3n de la totalidad del dominio y de la funcionalidad del sistema fluvial (vean imagen 3).<\/p>\n<p>Este es el momento, en medio del debate de las avenidas, de repensar y reorientar prudentemente los usos y aprovechamientos diversos de las zonas fluviales, para la conservaci\u00f3n, pero tambi\u00e9n para la prevenci\u00f3n. Asumimos el reto y trabajamos en \u00e9l.<\/p>\n<p>&nbsp;<\/p>\n<p>Los cauces y r\u00edos, como las costas, son espacios vulnerables, por eso sus comunidades son h\u00e1bitats de inter\u00e9s especial, fijados por la legislaci\u00f3n europea. Gracias a esto nos permite llevar a cabo proyectos Life, como el Life Alnus.<\/p>\n<p>Asumimos el reto, recuperamos los bosques re ribera, las din\u00e1micas fluviales y hacemos un uso racional, sin ignorar su \u00e1rea potencial de inundaci\u00f3n. Y recordamos siempre el que nos ense\u00f1a la cultura popular \u00abA la vora del riu, no hi facis niu\u00bb (cerca del r\u00edo no hagas el nido).<\/p>\n<p>Os dejamos aqu\u00ed otros links de inter\u00e9s relacionados:<\/p>\n<p><a href=\"https:\/\/www.ccma.cat\/tv3\/alacarta\/planta-baixa\/despres-del-gloria-ens-adaptem\/video\/6018129\/\" target=\"_blank\" rel=\"noopener\">Planta Baixa TV3: Despr\u00e9s del Gloria, ens adaptem?<\/a><\/p>\n<p><a href=\"https:\/\/twitter.com\/jm_mallarach\/status\/1220683436383440896?s=08\" target=\"_blank\" rel=\"noopener\">Tuit de Josep Maria Mallarach<\/a><\/p>\n<p><a href=\"http:\/\/voluntariatambiental.cat\/onada-de-voluntariat-a-les-platges-catalanes\/\" target=\"_blank\" rel=\"noopener\">Onada de voluntariat ambiental a les platges catalanes, publicat per Voluntariat Ambiental a Catalunya<\/a><\/p>\n<p><a href=\"https:\/\/www.ccma.cat\/tv3\/alacarta\/mes-324\/mes-324-24012020\/video\/6018866\/\" target=\"_blank\" rel=\"noopener\">M\u00e9s 324<\/a><\/p>\n<p><a href=\"https:\/\/lifealnus.eu\/wp-content\/uploads\/2020\/01\/Gl\u00f2ria-al-Ter.pdf\" target=\"_blank\" rel=\"noopener\">Gloria al ter, per Pon\u00e7 Feliu<\/a><\/p>\n<p>&nbsp;<\/p>\n<p>&nbsp;<\/p>\n","protected":false},"excerpt":{"rendered":"<p>Aprovechando el debate que genera el post temporal Gloria, compartimos una reflexi\u00f3n de \u00e1nimo pedag\u00f3gico y constructivo entorno a las rieras y r\u00edos de nuestra casa.<\/p>\n","protected":false},"author":2,"featured_media":6873,"comment_status":"closed","ping_status":"closed","sticky":false,"template":"","format":"standard","meta":{"_acf_changed":false,"footnotes":"","_links_to":"","_links_to_target":""},"categories":[37],"tags":[],"class_list":["post-6888","post","type-post","status-publish","format-standard","has-post-thumbnail","hentry","category-sin-categorizar"],"acf":[],"yoast_head":"<!-- This site is optimized with the Yoast SEO plugin v27.4 - https:\/\/yoast.com\/product\/yoast-seo-wordpress\/ -->\n<title>Reflexi\u00f3n post-temporal Gloria - LIFE Alnus<\/title>\n<meta name=\"robots\" content=\"index, follow, max-snippet:-1, max-image-preview:large, max-video-preview:-1\" \/>\n<link rel=\"canonical\" href=\"https:\/\/lifealnus.eu\/es\/reflexion-post-temporal-gloria\/\" \/>\n<meta property=\"og:locale\" content=\"es_ES\" \/>\n<meta property=\"og:type\" content=\"article\" \/>\n<meta property=\"og:title\" content=\"Reflexi\u00f3n post-temporal Gloria - LIFE Alnus\" \/>\n<meta property=\"og:description\" content=\"Aprovechando el debate que genera el post temporal Gloria, compartimos una reflexi\u00f3n de \u00e1nimo pedag\u00f3gico y constructivo entorno a las rieras y r\u00edos de nuestra casa.\" \/>\n<meta property=\"og:url\" content=\"https:\/\/lifealnus.eu\/es\/reflexion-post-temporal-gloria\/\" \/>\n<meta property=\"og:site_name\" content=\"LIFE Alnus\" \/>\n<meta property=\"article:published_time\" content=\"2020-02-03T08:08:18+00:00\" \/>\n<meta property=\"article:modified_time\" content=\"2020-02-03T08:09:32+00:00\" \/>\n<meta property=\"og:image\" content=\"https:\/\/lifealnus.eu\/wp-content\/uploads\/2020\/01\/WhatsApp-Image-2020-01-23-at-16.46.07.jpeg\" \/>\n\t<meta property=\"og:image:width\" content=\"1599\" \/>\n\t<meta property=\"og:image:height\" content=\"1200\" \/>\n\t<meta property=\"og:image:type\" content=\"image\/jpeg\" \/>\n<meta name=\"author\" content=\"L1f3_editor\" \/>\n<meta name=\"twitter:card\" content=\"summary_large_image\" \/>\n<meta name=\"twitter:label1\" content=\"Escrito por\" \/>\n\t<meta name=\"twitter:data1\" content=\"L1f3_editor\" \/>\n\t<meta name=\"twitter:label2\" content=\"Tiempo de lectura\" \/>\n\t<meta name=\"twitter:data2\" content=\"3 minutos\" \/>\n<script type=\"application\/ld+json\" class=\"yoast-schema-graph\">{\"@context\":\"https:\\\/\\\/schema.org\",\"@graph\":[{\"@type\":\"Article\",\"@id\":\"https:\\\/\\\/lifealnus.eu\\\/es\\\/reflexion-post-temporal-gloria\\\/#article\",\"isPartOf\":{\"@id\":\"https:\\\/\\\/lifealnus.eu\\\/es\\\/reflexion-post-temporal-gloria\\\/\"},\"author\":{\"name\":\"L1f3_editor\",\"@id\":\"https:\\\/\\\/lifealnus.eu\\\/#\\\/schema\\\/person\\\/1db970f8a27cc7b44276362316ecff22\"},\"headline\":\"Reflexi\u00f3n post-temporal Gloria\",\"datePublished\":\"2020-02-03T08:08:18+00:00\",\"dateModified\":\"2020-02-03T08:09:32+00:00\",\"mainEntityOfPage\":{\"@id\":\"https:\\\/\\\/lifealnus.eu\\\/es\\\/reflexion-post-temporal-gloria\\\/\"},\"wordCount\":574,\"image\":{\"@id\":\"https:\\\/\\\/lifealnus.eu\\\/es\\\/reflexion-post-temporal-gloria\\\/#primaryimage\"},\"thumbnailUrl\":\"https:\\\/\\\/lifealnus.eu\\\/wp-content\\\/uploads\\\/2020\\\/01\\\/WhatsApp-Image-2020-01-23-at-16.46.07.jpeg\",\"articleSection\":[\"&nbsp;\"],\"inLanguage\":\"es\"},{\"@type\":\"WebPage\",\"@id\":\"https:\\\/\\\/lifealnus.eu\\\/es\\\/reflexion-post-temporal-gloria\\\/\",\"url\":\"https:\\\/\\\/lifealnus.eu\\\/es\\\/reflexion-post-temporal-gloria\\\/\",\"name\":\"Reflexi\u00f3n post-temporal Gloria - LIFE Alnus\",\"isPartOf\":{\"@id\":\"https:\\\/\\\/lifealnus.eu\\\/#website\"},\"primaryImageOfPage\":{\"@id\":\"https:\\\/\\\/lifealnus.eu\\\/es\\\/reflexion-post-temporal-gloria\\\/#primaryimage\"},\"image\":{\"@id\":\"https:\\\/\\\/lifealnus.eu\\\/es\\\/reflexion-post-temporal-gloria\\\/#primaryimage\"},\"thumbnailUrl\":\"https:\\\/\\\/lifealnus.eu\\\/wp-content\\\/uploads\\\/2020\\\/01\\\/WhatsApp-Image-2020-01-23-at-16.46.07.jpeg\",\"datePublished\":\"2020-02-03T08:08:18+00:00\",\"dateModified\":\"2020-02-03T08:09:32+00:00\",\"author\":{\"@id\":\"https:\\\/\\\/lifealnus.eu\\\/#\\\/schema\\\/person\\\/1db970f8a27cc7b44276362316ecff22\"},\"breadcrumb\":{\"@id\":\"https:\\\/\\\/lifealnus.eu\\\/es\\\/reflexion-post-temporal-gloria\\\/#breadcrumb\"},\"inLanguage\":\"es\",\"potentialAction\":[{\"@type\":\"ReadAction\",\"target\":[\"https:\\\/\\\/lifealnus.eu\\\/es\\\/reflexion-post-temporal-gloria\\\/\"]}]},{\"@type\":\"ImageObject\",\"inLanguage\":\"es\",\"@id\":\"https:\\\/\\\/lifealnus.eu\\\/es\\\/reflexion-post-temporal-gloria\\\/#primaryimage\",\"url\":\"https:\\\/\\\/lifealnus.eu\\\/wp-content\\\/uploads\\\/2020\\\/01\\\/WhatsApp-Image-2020-01-23-at-16.46.07.jpeg\",\"contentUrl\":\"https:\\\/\\\/lifealnus.eu\\\/wp-content\\\/uploads\\\/2020\\\/01\\\/WhatsApp-Image-2020-01-23-at-16.46.07.jpeg\",\"width\":1599,\"height\":1200},{\"@type\":\"BreadcrumbList\",\"@id\":\"https:\\\/\\\/lifealnus.eu\\\/es\\\/reflexion-post-temporal-gloria\\\/#breadcrumb\",\"itemListElement\":[{\"@type\":\"ListItem\",\"position\":1,\"name\":\"Inici\",\"item\":\"https:\\\/\\\/lifealnus.eu\\\/es\\\/\"},{\"@type\":\"ListItem\",\"position\":2,\"name\":\"Reflexi\u00f3n post-temporal Gloria\"}]},{\"@type\":\"WebSite\",\"@id\":\"https:\\\/\\\/lifealnus.eu\\\/#website\",\"url\":\"https:\\\/\\\/lifealnus.eu\\\/\",\"name\":\"LIFE Alnus\",\"description\":\"\",\"potentialAction\":[{\"@type\":\"SearchAction\",\"target\":{\"@type\":\"EntryPoint\",\"urlTemplate\":\"https:\\\/\\\/lifealnus.eu\\\/?s={search_term_string}\"},\"query-input\":{\"@type\":\"PropertyValueSpecification\",\"valueRequired\":true,\"valueName\":\"search_term_string\"}}],\"inLanguage\":\"es\"},{\"@type\":\"Person\",\"@id\":\"https:\\\/\\\/lifealnus.eu\\\/#\\\/schema\\\/person\\\/1db970f8a27cc7b44276362316ecff22\",\"name\":\"L1f3_editor\",\"image\":{\"@type\":\"ImageObject\",\"inLanguage\":\"es\",\"@id\":\"https:\\\/\\\/secure.gravatar.com\\\/avatar\\\/e9d3205660dbaff07e242a3bda17005940b0f1245a208f5707b14d5cc1581305?s=96&d=mm&r=g\",\"url\":\"https:\\\/\\\/secure.gravatar.com\\\/avatar\\\/e9d3205660dbaff07e242a3bda17005940b0f1245a208f5707b14d5cc1581305?s=96&d=mm&r=g\",\"contentUrl\":\"https:\\\/\\\/secure.gravatar.com\\\/avatar\\\/e9d3205660dbaff07e242a3bda17005940b0f1245a208f5707b14d5cc1581305?s=96&d=mm&r=g\",\"caption\":\"L1f3_editor\"},\"url\":\"https:\\\/\\\/lifealnus.eu\\\/es\\\/author\\\/l1f3_editor\\\/\"}]}<\/script>\n<!-- \/ Yoast SEO plugin. -->","yoast_head_json":{"title":"Reflexi\u00f3n post-temporal Gloria - LIFE Alnus","robots":{"index":"index","follow":"follow","max-snippet":"max-snippet:-1","max-image-preview":"max-image-preview:large","max-video-preview":"max-video-preview:-1"},"canonical":"https:\/\/lifealnus.eu\/es\/reflexion-post-temporal-gloria\/","og_locale":"es_ES","og_type":"article","og_title":"Reflexi\u00f3n post-temporal Gloria - LIFE Alnus","og_description":"Aprovechando el debate que genera el post temporal Gloria, compartimos una reflexi\u00f3n de \u00e1nimo pedag\u00f3gico y constructivo entorno a las rieras y r\u00edos de nuestra casa.","og_url":"https:\/\/lifealnus.eu\/es\/reflexion-post-temporal-gloria\/","og_site_name":"LIFE Alnus","article_published_time":"2020-02-03T08:08:18+00:00","article_modified_time":"2020-02-03T08:09:32+00:00","og_image":[{"width":1599,"height":1200,"url":"https:\/\/lifealnus.eu\/wp-content\/uploads\/2020\/01\/WhatsApp-Image-2020-01-23-at-16.46.07.jpeg","type":"image\/jpeg"}],"author":"L1f3_editor","twitter_card":"summary_large_image","twitter_misc":{"Escrito por":"L1f3_editor","Tiempo de lectura":"3 minutos"},"schema":{"@context":"https:\/\/schema.org","@graph":[{"@type":"Article","@id":"https:\/\/lifealnus.eu\/es\/reflexion-post-temporal-gloria\/#article","isPartOf":{"@id":"https:\/\/lifealnus.eu\/es\/reflexion-post-temporal-gloria\/"},"author":{"name":"L1f3_editor","@id":"https:\/\/lifealnus.eu\/#\/schema\/person\/1db970f8a27cc7b44276362316ecff22"},"headline":"Reflexi\u00f3n post-temporal Gloria","datePublished":"2020-02-03T08:08:18+00:00","dateModified":"2020-02-03T08:09:32+00:00","mainEntityOfPage":{"@id":"https:\/\/lifealnus.eu\/es\/reflexion-post-temporal-gloria\/"},"wordCount":574,"image":{"@id":"https:\/\/lifealnus.eu\/es\/reflexion-post-temporal-gloria\/#primaryimage"},"thumbnailUrl":"https:\/\/lifealnus.eu\/wp-content\/uploads\/2020\/01\/WhatsApp-Image-2020-01-23-at-16.46.07.jpeg","articleSection":["&nbsp;"],"inLanguage":"es"},{"@type":"WebPage","@id":"https:\/\/lifealnus.eu\/es\/reflexion-post-temporal-gloria\/","url":"https:\/\/lifealnus.eu\/es\/reflexion-post-temporal-gloria\/","name":"Reflexi\u00f3n post-temporal Gloria - LIFE Alnus","isPartOf":{"@id":"https:\/\/lifealnus.eu\/#website"},"primaryImageOfPage":{"@id":"https:\/\/lifealnus.eu\/es\/reflexion-post-temporal-gloria\/#primaryimage"},"image":{"@id":"https:\/\/lifealnus.eu\/es\/reflexion-post-temporal-gloria\/#primaryimage"},"thumbnailUrl":"https:\/\/lifealnus.eu\/wp-content\/uploads\/2020\/01\/WhatsApp-Image-2020-01-23-at-16.46.07.jpeg","datePublished":"2020-02-03T08:08:18+00:00","dateModified":"2020-02-03T08:09:32+00:00","author":{"@id":"https:\/\/lifealnus.eu\/#\/schema\/person\/1db970f8a27cc7b44276362316ecff22"},"breadcrumb":{"@id":"https:\/\/lifealnus.eu\/es\/reflexion-post-temporal-gloria\/#breadcrumb"},"inLanguage":"es","potentialAction":[{"@type":"ReadAction","target":["https:\/\/lifealnus.eu\/es\/reflexion-post-temporal-gloria\/"]}]},{"@type":"ImageObject","inLanguage":"es","@id":"https:\/\/lifealnus.eu\/es\/reflexion-post-temporal-gloria\/#primaryimage","url":"https:\/\/lifealnus.eu\/wp-content\/uploads\/2020\/01\/WhatsApp-Image-2020-01-23-at-16.46.07.jpeg","contentUrl":"https:\/\/lifealnus.eu\/wp-content\/uploads\/2020\/01\/WhatsApp-Image-2020-01-23-at-16.46.07.jpeg","width":1599,"height":1200},{"@type":"BreadcrumbList","@id":"https:\/\/lifealnus.eu\/es\/reflexion-post-temporal-gloria\/#breadcrumb","itemListElement":[{"@type":"ListItem","position":1,"name":"Inici","item":"https:\/\/lifealnus.eu\/es\/"},{"@type":"ListItem","position":2,"name":"Reflexi\u00f3n post-temporal Gloria"}]},{"@type":"WebSite","@id":"https:\/\/lifealnus.eu\/#website","url":"https:\/\/lifealnus.eu\/","name":"LIFE Alnus","description":"","potentialAction":[{"@type":"SearchAction","target":{"@type":"EntryPoint","urlTemplate":"https:\/\/lifealnus.eu\/?s={search_term_string}"},"query-input":{"@type":"PropertyValueSpecification","valueRequired":true,"valueName":"search_term_string"}}],"inLanguage":"es"},{"@type":"Person","@id":"https:\/\/lifealnus.eu\/#\/schema\/person\/1db970f8a27cc7b44276362316ecff22","name":"L1f3_editor","image":{"@type":"ImageObject","inLanguage":"es","@id":"https:\/\/secure.gravatar.com\/avatar\/e9d3205660dbaff07e242a3bda17005940b0f1245a208f5707b14d5cc1581305?s=96&d=mm&r=g","url":"https:\/\/secure.gravatar.com\/avatar\/e9d3205660dbaff07e242a3bda17005940b0f1245a208f5707b14d5cc1581305?s=96&d=mm&r=g","contentUrl":"https:\/\/secure.gravatar.com\/avatar\/e9d3205660dbaff07e242a3bda17005940b0f1245a208f5707b14d5cc1581305?s=96&d=mm&r=g","caption":"L1f3_editor"},"url":"https:\/\/lifealnus.eu\/es\/author\/l1f3_editor\/"}]}},"_links":{"self":[{"href":"https:\/\/lifealnus.eu\/es\/wp-json\/wp\/v2\/posts\/6888","targetHints":{"allow":["GET"]}}],"collection":[{"href":"https:\/\/lifealnus.eu\/es\/wp-json\/wp\/v2\/posts"}],"about":[{"href":"https:\/\/lifealnus.eu\/es\/wp-json\/wp\/v2\/types\/post"}],"author":[{"embeddable":true,"href":"https:\/\/lifealnus.eu\/es\/wp-json\/wp\/v2\/users\/2"}],"replies":[{"embeddable":true,"href":"https:\/\/lifealnus.eu\/es\/wp-json\/wp\/v2\/comments?post=6888"}],"version-history":[{"count":4,"href":"https:\/\/lifealnus.eu\/es\/wp-json\/wp\/v2\/posts\/6888\/revisions"}],"predecessor-version":[{"id":6893,"href":"https:\/\/lifealnus.eu\/es\/wp-json\/wp\/v2\/posts\/6888\/revisions\/6893"}],"wp:featuredmedia":[{"embeddable":true,"href":"https:\/\/lifealnus.eu\/es\/wp-json\/wp\/v2\/media\/6873"}],"wp:attachment":[{"href":"https:\/\/lifealnus.eu\/es\/wp-json\/wp\/v2\/media?parent=6888"}],"wp:term":[{"taxonomy":"category","embeddable":true,"href":"https:\/\/lifealnus.eu\/es\/wp-json\/wp\/v2\/categories?post=6888"},{"taxonomy":"post_tag","embeddable":true,"href":"https:\/\/lifealnus.eu\/es\/wp-json\/wp\/v2\/tags?post=6888"}],"curies":[{"name":"wp","href":"https:\/\/api.w.org\/{rel}","templated":true}]}}