{"id":4788,"date":"2018-07-27T12:34:43","date_gmt":"2018-07-27T10:34:43","guid":{"rendered":"http:\/\/lifealnus.eu\/?p=4788"},"modified":"2019-04-01T12:14:29","modified_gmt":"2019-04-01T10:14:29","slug":"primeros-estudios-preparatorios-life-alnus-para-comprender-estado-conservacion-alisedas","status":"publish","type":"post","link":"https:\/\/lifealnus.eu\/es\/primeros-estudios-preparatorios-life-alnus-para-comprender-estado-conservacion-alisedas\/","title":{"rendered":"Primeros estudios preparatorios del LIFE ALNUS para comprender el estado de conservaci\u00f3n de les Alisedas"},"content":{"rendered":"<p><span lang=\"ES\">El proyecto comienza su andadura iniciando trabajos a escala regional que permitan conocer mejor cu\u00e1l es el estado de conservaci\u00f3n actual de las alisedas aluviales desde el punto de vista geogr\u00e1fico. Esta primera fase preparatoria consiste en la elaboraci\u00f3n de dos estudios.<\/span><\/p>\n<p><span lang=\"ES\">\u00a0<\/span><span lang=\"ES\">El primero de ellos persigue la generaci\u00f3n de un modelo matem\u00e1tico de potencialidad ecol\u00f3gica a escala de toda Catalu\u00f1a para el h\u00e1bitat 91E0*, los \u201cBosques aluviales de Alnus glutinosa y Fraxinus excelsior\u201d. Se trata de un estudio pionero, dado que nunca antes se hab\u00eda elaborado un modelo de estas caracter\u00edsticas para planificar y gestionar un h\u00e1bitat a escala regional. Su objetivo es reconstruir cu\u00e1l podr\u00eda haber sido el dominio original que ocuparon las alisedas en el pasado dentro de los espacios fluviales de Catalu\u00f1a, una informaci\u00f3n crucial para poder dise\u00f1ar la estrategia de conservaci\u00f3n de los bosques aluviales dominados por alisos en cada una de las cuencas en las que act\u00faa el proyecto. El estudio establecer\u00e1, en definitiva, la aptitud ecol\u00f3gica de cada curso fluvial para acoger el h\u00e1bitat, apoy\u00e1ndose en modelos te\u00f3ricos generados a partir del an\u00e1lisis espacial de una multitud de variables ecol\u00f3gicas (orogr\u00e1ficas, clim\u00e1ticas e hidrol\u00f3gicas).<\/span><\/p>\n<p><span lang=\"ES\">En segundo lugar se est\u00e1 llevando a cabo la generaci\u00f3n de una cartograf\u00eda de la distribuci\u00f3n actual de las alisedas fluviales del territorio catal\u00e1n. Para ello se fusionar\u00e1n y estructurar\u00e1n todas las fuentes cartogr\u00e1ficas disponibles, y ser\u00e1n obtenidas y georeferenciadas la totalidad de citas bibliogr\u00e1ficas existentes, lo que dar\u00e1 lugar a la mejor aproximaci\u00f3n posible a la geograf\u00eda actual del h\u00e1bitat.<\/span><\/p>\n<p><span lang=\"ES\">An\u00e1lisis ulteriores de ambas cartograf\u00edas (distribuci\u00f3n actual y distribuci\u00f3n potencial) ofrecer\u00e1n una primera imagen del \u00e1rea de recesi\u00f3n geogr\u00e1fica del h\u00e1bitat, un diagn\u00f3stico sin duda crucial para profundizar en la comprensi\u00f3n de las causas que subyacen en dicha recesi\u00f3n, as\u00ed como para poder dise\u00f1ar en adelante la reintroducci\u00f3n y restauraci\u00f3n estrat\u00e9gica de los bosques de alisos.<\/span><\/p>\n<p><span lang=\"ES\">Ambos estudios ser\u00e1n llevados a cabo por el equipo de bot\u00e1nica de MN Consultors en Ciencias de la Conservaci\u00f3n y tendr\u00e1n una duraci\u00f3n de tres meses.<\/span><\/p>\n<p>&nbsp;<\/p>\n<p><span lang=\"ES\"><span style=\"color: #000000; font-family: Calibri;\">\u00a0<\/span><\/span><\/p>\n","protected":false},"excerpt":{"rendered":"<p>Para comprender el estado de conservaci\u00f3n de las alisedas, se realizar\u00e1 a escala de Catalu\u00f1a,  un modelo matem\u00e1tico de potencialidad ecol\u00f3gica, y una cartograf\u00eda de la distribuci\u00f3n de las alisedas. El an\u00e0lisis de estas cartograf\u00edas, permitir\u00e1 avaluar el estado de conservaci\u00f3n actual.<\/p>\n","protected":false},"author":2,"featured_media":4196,"comment_status":"closed","ping_status":"closed","sticky":false,"template":"","format":"standard","meta":{"_acf_changed":false,"footnotes":"","_links_to":"","_links_to_target":""},"categories":[37],"tags":[],"class_list":["post-4788","post","type-post","status-publish","format-standard","has-post-thumbnail","hentry","category-sin-categorizar"],"acf":[],"yoast_head":"<!-- This site is optimized with the Yoast SEO plugin v27.4 - https:\/\/yoast.com\/product\/yoast-seo-wordpress\/ -->\n<title>Primeros estudios preparatorios del LIFE ALNUS para comprender el estado de conservaci\u00f3n de les Alisedas - LIFE Alnus<\/title>\n<meta name=\"robots\" content=\"index, follow, max-snippet:-1, max-image-preview:large, max-video-preview:-1\" \/>\n<link rel=\"canonical\" href=\"https:\/\/lifealnus.eu\/es\/primeros-estudios-preparatorios-life-alnus-para-comprender-estado-conservacion-alisedas\/\" \/>\n<meta property=\"og:locale\" content=\"es_ES\" \/>\n<meta property=\"og:type\" content=\"article\" \/>\n<meta property=\"og:title\" content=\"Primeros estudios preparatorios del LIFE ALNUS para comprender el estado de conservaci\u00f3n de les Alisedas - LIFE Alnus\" \/>\n<meta property=\"og:description\" content=\"Para comprender el estado de conservaci\u00f3n de las alisedas, se realizar\u00e1 a escala de Catalu\u00f1a, un modelo matem\u00e1tico de potencialidad ecol\u00f3gica, y una cartograf\u00eda de la distribuci\u00f3n de las alisedas. El an\u00e0lisis de estas cartograf\u00edas, permitir\u00e1 avaluar el estado de conservaci\u00f3n actual.\" \/>\n<meta property=\"og:url\" content=\"https:\/\/lifealnus.eu\/es\/primeros-estudios-preparatorios-life-alnus-para-comprender-estado-conservacion-alisedas\/\" \/>\n<meta property=\"og:site_name\" content=\"LIFE Alnus\" \/>\n<meta property=\"article:published_time\" content=\"2018-07-27T10:34:43+00:00\" \/>\n<meta property=\"article:modified_time\" content=\"2019-04-01T10:14:29+00:00\" \/>\n<meta property=\"og:image\" content=\"https:\/\/lifealnus.eu\/wp-content\/uploads\/2018\/03\/DSC5572.jpg\" \/>\n\t<meta property=\"og:image:width\" content=\"4138\" \/>\n\t<meta property=\"og:image:height\" content=\"2712\" \/>\n\t<meta property=\"og:image:type\" content=\"image\/jpeg\" \/>\n<meta name=\"author\" content=\"L1f3_editor\" \/>\n<meta name=\"twitter:card\" content=\"summary_large_image\" \/>\n<meta name=\"twitter:label1\" content=\"Escrito por\" \/>\n\t<meta name=\"twitter:data1\" content=\"L1f3_editor\" \/>\n\t<meta name=\"twitter:label2\" content=\"Tiempo de lectura\" \/>\n\t<meta name=\"twitter:data2\" content=\"2 minutos\" \/>\n<script type=\"application\/ld+json\" class=\"yoast-schema-graph\">{\"@context\":\"https:\\\/\\\/schema.org\",\"@graph\":[{\"@type\":\"Article\",\"@id\":\"https:\\\/\\\/lifealnus.eu\\\/es\\\/primeros-estudios-preparatorios-life-alnus-para-comprender-estado-conservacion-alisedas\\\/#article\",\"isPartOf\":{\"@id\":\"https:\\\/\\\/lifealnus.eu\\\/es\\\/primeros-estudios-preparatorios-life-alnus-para-comprender-estado-conservacion-alisedas\\\/\"},\"author\":{\"name\":\"L1f3_editor\",\"@id\":\"https:\\\/\\\/lifealnus.eu\\\/#\\\/schema\\\/person\\\/1db970f8a27cc7b44276362316ecff22\"},\"headline\":\"Primeros estudios preparatorios del LIFE ALNUS para comprender el estado de conservaci\u00f3n de les Alisedas\",\"datePublished\":\"2018-07-27T10:34:43+00:00\",\"dateModified\":\"2019-04-01T10:14:29+00:00\",\"mainEntityOfPage\":{\"@id\":\"https:\\\/\\\/lifealnus.eu\\\/es\\\/primeros-estudios-preparatorios-life-alnus-para-comprender-estado-conservacion-alisedas\\\/\"},\"wordCount\":411,\"image\":{\"@id\":\"https:\\\/\\\/lifealnus.eu\\\/es\\\/primeros-estudios-preparatorios-life-alnus-para-comprender-estado-conservacion-alisedas\\\/#primaryimage\"},\"thumbnailUrl\":\"https:\\\/\\\/lifealnus.eu\\\/wp-content\\\/uploads\\\/2018\\\/03\\\/DSC5572.jpg\",\"articleSection\":[\"&nbsp;\"],\"inLanguage\":\"es\"},{\"@type\":\"WebPage\",\"@id\":\"https:\\\/\\\/lifealnus.eu\\\/es\\\/primeros-estudios-preparatorios-life-alnus-para-comprender-estado-conservacion-alisedas\\\/\",\"url\":\"https:\\\/\\\/lifealnus.eu\\\/es\\\/primeros-estudios-preparatorios-life-alnus-para-comprender-estado-conservacion-alisedas\\\/\",\"name\":\"Primeros estudios preparatorios del LIFE ALNUS para comprender el estado de conservaci\u00f3n de les Alisedas - LIFE Alnus\",\"isPartOf\":{\"@id\":\"https:\\\/\\\/lifealnus.eu\\\/#website\"},\"primaryImageOfPage\":{\"@id\":\"https:\\\/\\\/lifealnus.eu\\\/es\\\/primeros-estudios-preparatorios-life-alnus-para-comprender-estado-conservacion-alisedas\\\/#primaryimage\"},\"image\":{\"@id\":\"https:\\\/\\\/lifealnus.eu\\\/es\\\/primeros-estudios-preparatorios-life-alnus-para-comprender-estado-conservacion-alisedas\\\/#primaryimage\"},\"thumbnailUrl\":\"https:\\\/\\\/lifealnus.eu\\\/wp-content\\\/uploads\\\/2018\\\/03\\\/DSC5572.jpg\",\"datePublished\":\"2018-07-27T10:34:43+00:00\",\"dateModified\":\"2019-04-01T10:14:29+00:00\",\"author\":{\"@id\":\"https:\\\/\\\/lifealnus.eu\\\/#\\\/schema\\\/person\\\/1db970f8a27cc7b44276362316ecff22\"},\"breadcrumb\":{\"@id\":\"https:\\\/\\\/lifealnus.eu\\\/es\\\/primeros-estudios-preparatorios-life-alnus-para-comprender-estado-conservacion-alisedas\\\/#breadcrumb\"},\"inLanguage\":\"es\",\"potentialAction\":[{\"@type\":\"ReadAction\",\"target\":[\"https:\\\/\\\/lifealnus.eu\\\/es\\\/primeros-estudios-preparatorios-life-alnus-para-comprender-estado-conservacion-alisedas\\\/\"]}]},{\"@type\":\"ImageObject\",\"inLanguage\":\"es\",\"@id\":\"https:\\\/\\\/lifealnus.eu\\\/es\\\/primeros-estudios-preparatorios-life-alnus-para-comprender-estado-conservacion-alisedas\\\/#primaryimage\",\"url\":\"https:\\\/\\\/lifealnus.eu\\\/wp-content\\\/uploads\\\/2018\\\/03\\\/DSC5572.jpg\",\"contentUrl\":\"https:\\\/\\\/lifealnus.eu\\\/wp-content\\\/uploads\\\/2018\\\/03\\\/DSC5572.jpg\",\"width\":4138,\"height\":2712},{\"@type\":\"BreadcrumbList\",\"@id\":\"https:\\\/\\\/lifealnus.eu\\\/es\\\/primeros-estudios-preparatorios-life-alnus-para-comprender-estado-conservacion-alisedas\\\/#breadcrumb\",\"itemListElement\":[{\"@type\":\"ListItem\",\"position\":1,\"name\":\"Inici\",\"item\":\"https:\\\/\\\/lifealnus.eu\\\/es\\\/\"},{\"@type\":\"ListItem\",\"position\":2,\"name\":\"Primeros estudios preparatorios del LIFE ALNUS para comprender el estado de conservaci\u00f3n de les Alisedas\"}]},{\"@type\":\"WebSite\",\"@id\":\"https:\\\/\\\/lifealnus.eu\\\/#website\",\"url\":\"https:\\\/\\\/lifealnus.eu\\\/\",\"name\":\"LIFE Alnus\",\"description\":\"\",\"potentialAction\":[{\"@type\":\"SearchAction\",\"target\":{\"@type\":\"EntryPoint\",\"urlTemplate\":\"https:\\\/\\\/lifealnus.eu\\\/?s={search_term_string}\"},\"query-input\":{\"@type\":\"PropertyValueSpecification\",\"valueRequired\":true,\"valueName\":\"search_term_string\"}}],\"inLanguage\":\"es\"},{\"@type\":\"Person\",\"@id\":\"https:\\\/\\\/lifealnus.eu\\\/#\\\/schema\\\/person\\\/1db970f8a27cc7b44276362316ecff22\",\"name\":\"L1f3_editor\",\"image\":{\"@type\":\"ImageObject\",\"inLanguage\":\"es\",\"@id\":\"https:\\\/\\\/secure.gravatar.com\\\/avatar\\\/e9d3205660dbaff07e242a3bda17005940b0f1245a208f5707b14d5cc1581305?s=96&d=mm&r=g\",\"url\":\"https:\\\/\\\/secure.gravatar.com\\\/avatar\\\/e9d3205660dbaff07e242a3bda17005940b0f1245a208f5707b14d5cc1581305?s=96&d=mm&r=g\",\"contentUrl\":\"https:\\\/\\\/secure.gravatar.com\\\/avatar\\\/e9d3205660dbaff07e242a3bda17005940b0f1245a208f5707b14d5cc1581305?s=96&d=mm&r=g\",\"caption\":\"L1f3_editor\"},\"url\":\"https:\\\/\\\/lifealnus.eu\\\/es\\\/author\\\/l1f3_editor\\\/\"}]}<\/script>\n<!-- \/ Yoast SEO plugin. -->","yoast_head_json":{"title":"Primeros estudios preparatorios del LIFE ALNUS para comprender el estado de conservaci\u00f3n de les Alisedas - LIFE Alnus","robots":{"index":"index","follow":"follow","max-snippet":"max-snippet:-1","max-image-preview":"max-image-preview:large","max-video-preview":"max-video-preview:-1"},"canonical":"https:\/\/lifealnus.eu\/es\/primeros-estudios-preparatorios-life-alnus-para-comprender-estado-conservacion-alisedas\/","og_locale":"es_ES","og_type":"article","og_title":"Primeros estudios preparatorios del LIFE ALNUS para comprender el estado de conservaci\u00f3n de les Alisedas - LIFE Alnus","og_description":"Para comprender el estado de conservaci\u00f3n de las alisedas, se realizar\u00e1 a escala de Catalu\u00f1a, un modelo matem\u00e1tico de potencialidad ecol\u00f3gica, y una cartograf\u00eda de la distribuci\u00f3n de las alisedas. El an\u00e0lisis de estas cartograf\u00edas, permitir\u00e1 avaluar el estado de conservaci\u00f3n actual.","og_url":"https:\/\/lifealnus.eu\/es\/primeros-estudios-preparatorios-life-alnus-para-comprender-estado-conservacion-alisedas\/","og_site_name":"LIFE Alnus","article_published_time":"2018-07-27T10:34:43+00:00","article_modified_time":"2019-04-01T10:14:29+00:00","og_image":[{"width":4138,"height":2712,"url":"https:\/\/lifealnus.eu\/wp-content\/uploads\/2018\/03\/DSC5572.jpg","type":"image\/jpeg"}],"author":"L1f3_editor","twitter_card":"summary_large_image","twitter_misc":{"Escrito por":"L1f3_editor","Tiempo de lectura":"2 minutos"},"schema":{"@context":"https:\/\/schema.org","@graph":[{"@type":"Article","@id":"https:\/\/lifealnus.eu\/es\/primeros-estudios-preparatorios-life-alnus-para-comprender-estado-conservacion-alisedas\/#article","isPartOf":{"@id":"https:\/\/lifealnus.eu\/es\/primeros-estudios-preparatorios-life-alnus-para-comprender-estado-conservacion-alisedas\/"},"author":{"name":"L1f3_editor","@id":"https:\/\/lifealnus.eu\/#\/schema\/person\/1db970f8a27cc7b44276362316ecff22"},"headline":"Primeros estudios preparatorios del LIFE ALNUS para comprender el estado de conservaci\u00f3n de les Alisedas","datePublished":"2018-07-27T10:34:43+00:00","dateModified":"2019-04-01T10:14:29+00:00","mainEntityOfPage":{"@id":"https:\/\/lifealnus.eu\/es\/primeros-estudios-preparatorios-life-alnus-para-comprender-estado-conservacion-alisedas\/"},"wordCount":411,"image":{"@id":"https:\/\/lifealnus.eu\/es\/primeros-estudios-preparatorios-life-alnus-para-comprender-estado-conservacion-alisedas\/#primaryimage"},"thumbnailUrl":"https:\/\/lifealnus.eu\/wp-content\/uploads\/2018\/03\/DSC5572.jpg","articleSection":["&nbsp;"],"inLanguage":"es"},{"@type":"WebPage","@id":"https:\/\/lifealnus.eu\/es\/primeros-estudios-preparatorios-life-alnus-para-comprender-estado-conservacion-alisedas\/","url":"https:\/\/lifealnus.eu\/es\/primeros-estudios-preparatorios-life-alnus-para-comprender-estado-conservacion-alisedas\/","name":"Primeros estudios preparatorios del LIFE ALNUS para comprender el estado de conservaci\u00f3n de les Alisedas - LIFE Alnus","isPartOf":{"@id":"https:\/\/lifealnus.eu\/#website"},"primaryImageOfPage":{"@id":"https:\/\/lifealnus.eu\/es\/primeros-estudios-preparatorios-life-alnus-para-comprender-estado-conservacion-alisedas\/#primaryimage"},"image":{"@id":"https:\/\/lifealnus.eu\/es\/primeros-estudios-preparatorios-life-alnus-para-comprender-estado-conservacion-alisedas\/#primaryimage"},"thumbnailUrl":"https:\/\/lifealnus.eu\/wp-content\/uploads\/2018\/03\/DSC5572.jpg","datePublished":"2018-07-27T10:34:43+00:00","dateModified":"2019-04-01T10:14:29+00:00","author":{"@id":"https:\/\/lifealnus.eu\/#\/schema\/person\/1db970f8a27cc7b44276362316ecff22"},"breadcrumb":{"@id":"https:\/\/lifealnus.eu\/es\/primeros-estudios-preparatorios-life-alnus-para-comprender-estado-conservacion-alisedas\/#breadcrumb"},"inLanguage":"es","potentialAction":[{"@type":"ReadAction","target":["https:\/\/lifealnus.eu\/es\/primeros-estudios-preparatorios-life-alnus-para-comprender-estado-conservacion-alisedas\/"]}]},{"@type":"ImageObject","inLanguage":"es","@id":"https:\/\/lifealnus.eu\/es\/primeros-estudios-preparatorios-life-alnus-para-comprender-estado-conservacion-alisedas\/#primaryimage","url":"https:\/\/lifealnus.eu\/wp-content\/uploads\/2018\/03\/DSC5572.jpg","contentUrl":"https:\/\/lifealnus.eu\/wp-content\/uploads\/2018\/03\/DSC5572.jpg","width":4138,"height":2712},{"@type":"BreadcrumbList","@id":"https:\/\/lifealnus.eu\/es\/primeros-estudios-preparatorios-life-alnus-para-comprender-estado-conservacion-alisedas\/#breadcrumb","itemListElement":[{"@type":"ListItem","position":1,"name":"Inici","item":"https:\/\/lifealnus.eu\/es\/"},{"@type":"ListItem","position":2,"name":"Primeros estudios preparatorios del LIFE ALNUS para comprender el estado de conservaci\u00f3n de les Alisedas"}]},{"@type":"WebSite","@id":"https:\/\/lifealnus.eu\/#website","url":"https:\/\/lifealnus.eu\/","name":"LIFE Alnus","description":"","potentialAction":[{"@type":"SearchAction","target":{"@type":"EntryPoint","urlTemplate":"https:\/\/lifealnus.eu\/?s={search_term_string}"},"query-input":{"@type":"PropertyValueSpecification","valueRequired":true,"valueName":"search_term_string"}}],"inLanguage":"es"},{"@type":"Person","@id":"https:\/\/lifealnus.eu\/#\/schema\/person\/1db970f8a27cc7b44276362316ecff22","name":"L1f3_editor","image":{"@type":"ImageObject","inLanguage":"es","@id":"https:\/\/secure.gravatar.com\/avatar\/e9d3205660dbaff07e242a3bda17005940b0f1245a208f5707b14d5cc1581305?s=96&d=mm&r=g","url":"https:\/\/secure.gravatar.com\/avatar\/e9d3205660dbaff07e242a3bda17005940b0f1245a208f5707b14d5cc1581305?s=96&d=mm&r=g","contentUrl":"https:\/\/secure.gravatar.com\/avatar\/e9d3205660dbaff07e242a3bda17005940b0f1245a208f5707b14d5cc1581305?s=96&d=mm&r=g","caption":"L1f3_editor"},"url":"https:\/\/lifealnus.eu\/es\/author\/l1f3_editor\/"}]}},"_links":{"self":[{"href":"https:\/\/lifealnus.eu\/es\/wp-json\/wp\/v2\/posts\/4788","targetHints":{"allow":["GET"]}}],"collection":[{"href":"https:\/\/lifealnus.eu\/es\/wp-json\/wp\/v2\/posts"}],"about":[{"href":"https:\/\/lifealnus.eu\/es\/wp-json\/wp\/v2\/types\/post"}],"author":[{"embeddable":true,"href":"https:\/\/lifealnus.eu\/es\/wp-json\/wp\/v2\/users\/2"}],"replies":[{"embeddable":true,"href":"https:\/\/lifealnus.eu\/es\/wp-json\/wp\/v2\/comments?post=4788"}],"version-history":[{"count":5,"href":"https:\/\/lifealnus.eu\/es\/wp-json\/wp\/v2\/posts\/4788\/revisions"}],"predecessor-version":[{"id":5157,"href":"https:\/\/lifealnus.eu\/es\/wp-json\/wp\/v2\/posts\/4788\/revisions\/5157"}],"wp:featuredmedia":[{"embeddable":true,"href":"https:\/\/lifealnus.eu\/es\/wp-json\/wp\/v2\/media\/4196"}],"wp:attachment":[{"href":"https:\/\/lifealnus.eu\/es\/wp-json\/wp\/v2\/media?parent=4788"}],"wp:term":[{"taxonomy":"category","embeddable":true,"href":"https:\/\/lifealnus.eu\/es\/wp-json\/wp\/v2\/categories?post=4788"},{"taxonomy":"post_tag","embeddable":true,"href":"https:\/\/lifealnus.eu\/es\/wp-json\/wp\/v2\/tags?post=4788"}],"curies":[{"name":"wp","href":"https:\/\/api.w.org\/{rel}","templated":true}]}}